{"id":84,"date":"2023-01-24T22:35:24","date_gmt":"2023-01-24T22:35:24","guid":{"rendered":"https:\/\/new.samev-dz.com\/?p=84"},"modified":"2023-01-24T22:35:24","modified_gmt":"2023-01-24T22:35:24","slug":"disparition-de-notre-ami-et-confrere-alain-viard","status":"publish","type":"post","link":"https:\/\/new.samev-dz.com\/index.php\/2023\/01\/24\/disparition-de-notre-ami-et-confrere-alain-viard\/","title":{"rendered":"Disparition de notre ami et confr\u00e8re, Alain VIARD"},"content":{"rendered":"<div>\n<div align=\"center\">\n<h1 align=\"center\">Triste nouvelle<u><\/u><u><\/u><\/h1>\n<h1 align=\"center\">Une belle personne a rejoint les \u00e9toiles !<\/h1>\n<p>C&#8217;est avec une grande tristesse que nous avons appris le d\u00e9c\u00e8s d\u2019Alain VIARD.<u><\/u><u><\/u><\/p>\n<p>Nous lui rendons hommage et adressons toutes nos condol\u00e9ances \u00e0 sa famille et ses amis.<u><\/u><u><\/u><\/p>\n<p>Pour le Bureau et le Conseil d\u2019Administration de la SFMV,<u><\/u><u><\/u><\/p>\n<p>Marie-Antoinette SEVESTRE-PIETRI<\/p>\n<p>Alain VIARD, M\u00e9decin Vasculaire, nous a quitt\u00e9s hier (19\/01\/2023).<u><\/u><u><\/u><\/p>\n<p>Le grand m\u00e9decin humaniste qu&#8217;il \u00e9tait a exerc\u00e9 pendant 40 ans \u00e0 Foix.<u><\/u><u><\/u><\/p>\n<p>Sans jamais vraiment couper les ponts avec la m\u00e9decine vasculaire, il a pris l&#8217;heure venue, une retraite bien m\u00e9rit\u00e9e dans le Lot, pour se tourner vers les choses qu&#8217;il affectionnait tant : l&#8217;art, la cuisine, sa famille et ses amis.\u00a0<u><\/u><u><\/u><\/p>\n<p>Il avait fait une apparition lors du congr\u00e8s de la SFMV \u00e0 Toulouse en septembre dernier, dont il avait dessin\u00e9 l&#8217;affiche.<u><\/u><u><\/u><\/p>\n<p>C\u2019\u00e9tait un homme exceptionnel, pudique et tendre.<u><\/u><u><\/u><\/p>\n<p>Avant d&#8217;aimer son m\u00e9tier, il aimait d&#8217;abord les gens. \u00a0<u><\/u><u><\/u><\/p>\n<p>Il a d&#8217;abord \u0153uvr\u00e9 pour l\u2019Angiologie puis sans rel\u00e2che pour la M\u00e9decine Vasculaire.\u00a0<u><\/u><u><\/u><\/p>\n<p>A sa femme, son fils, \u00ab l\u2019AFFCA \u00bb et la SFMV pr\u00e9sentent leurs sinc\u00e8res condol\u00e9ances.<u><\/u><u><\/u><\/p>\n<p><u><\/u><u><\/u><\/p>\n<p>Jean-Pierre LAROCHE<\/p>\n<\/div>\n<\/div>\n","protected":false},"excerpt":{"rendered":"<p>Triste nouvelle Une belle personne a rejoint les \u00e9toiles !  [&#8230;]<\/p>\n","protected":false},"author":1,"featured_media":85,"comment_status":"open","ping_status":"open","sticky":false,"template":"","format":"standard","meta":{"_bbp_topic_count":0,"_bbp_reply_count":0,"_bbp_total_topic_count":0,"_bbp_total_reply_count":0,"_bbp_voice_count":0,"_bbp_anonymous_reply_count":0,"_bbp_topic_count_hidden":0,"_bbp_reply_count_hidden":0,"_bbp_forum_subforum_count":0,"footnotes":""},"categories":[6,1],"tags":[],"class_list":["post-84","post","type-post","status-publish","format-standard","has-post-thumbnail","hentry","category-condoleances","category-uncategorized"],"yoast_head":"<!-- This site is optimized with the Yoast SEO plugin v26.8 - https:\/\/yoast.com\/product\/yoast-seo-wordpress\/ -->\n<title>Disparition de notre ami et confr\u00e8re, Alain VIARD - Soci\u00e9t\u00e9 Alg\u00e9rienne de M\u00e9decine Vasculaire<\/title>\n<meta name=\"robots\" content=\"index, follow, max-snippet:-1, max-image-preview:large, max-video-preview:-1\" \/>\n<link rel=\"canonical\" href=\"https:\/\/new.samev-dz.com\/index.php\/2023\/01\/24\/disparition-de-notre-ami-et-confrere-alain-viard\/\" \/>\n<meta property=\"og:locale\" content=\"en_US\" \/>\n<meta property=\"og:type\" content=\"article\" \/>\n<meta property=\"og:title\" content=\"Disparition de notre ami et confr\u00e8re, Alain VIARD - Soci\u00e9t\u00e9 Alg\u00e9rienne de M\u00e9decine Vasculaire\" \/>\n<meta property=\"og:description\" content=\"Triste nouvelle Une belle personne a rejoint les \u00e9toiles ! [...]\" \/>\n<meta property=\"og:url\" content=\"https:\/\/new.samev-dz.com\/index.php\/2023\/01\/24\/disparition-de-notre-ami-et-confrere-alain-viard\/\" \/>\n<meta property=\"og:site_name\" content=\"Soci\u00e9t\u00e9 Alg\u00e9rienne de M\u00e9decine Vasculaire\" \/>\n<meta property=\"article:published_time\" content=\"2023-01-24T22:35:24+00:00\" \/>\n<meta property=\"og:image\" content=\"https:\/\/new.samev-dz.com\/wp-content\/uploads\/2023\/01\/unnamed.jpg\" \/>\n\t<meta property=\"og:image:width\" content=\"1200\" \/>\n\t<meta property=\"og:image:height\" content=\"300\" \/>\n\t<meta property=\"og:image:type\" content=\"image\/jpeg\" \/>\n<meta name=\"author\" content=\"admin\" \/>\n<meta name=\"twitter:card\" content=\"summary_large_image\" \/>\n<meta name=\"twitter:label1\" content=\"Written by\" \/>\n\t<meta name=\"twitter:data1\" content=\"admin\" \/>\n\t<meta name=\"twitter:label2\" content=\"Est. reading time\" \/>\n\t<meta name=\"twitter:data2\" content=\"1 minute\" \/>\n<script type=\"application\/ld+json\" class=\"yoast-schema-graph\">{\"@context\":\"https:\/\/schema.org\",\"@graph\":[{\"@type\":\"Article\",\"@id\":\"https:\/\/new.samev-dz.com\/index.php\/2023\/01\/24\/disparition-de-notre-ami-et-confrere-alain-viard\/#article\",\"isPartOf\":{\"@id\":\"https:\/\/new.samev-dz.com\/index.php\/2023\/01\/24\/disparition-de-notre-ami-et-confrere-alain-viard\/\"},\"author\":{\"name\":\"admin\",\"@id\":\"https:\/\/new.samev-dz.com\/#\/schema\/person\/1c6e150355d343b767a83b8039cb9e08\"},\"headline\":\"Disparition de notre ami et confr\u00e8re, Alain VIARD\",\"datePublished\":\"2023-01-24T22:35:24+00:00\",\"mainEntityOfPage\":{\"@id\":\"https:\/\/new.samev-dz.com\/index.php\/2023\/01\/24\/disparition-de-notre-ami-et-confrere-alain-viard\/\"},\"wordCount\":209,\"commentCount\":0,\"image\":{\"@id\":\"https:\/\/new.samev-dz.com\/index.php\/2023\/01\/24\/disparition-de-notre-ami-et-confrere-alain-viard\/#primaryimage\"},\"thumbnailUrl\":\"https:\/\/new.samev-dz.com\/wp-content\/uploads\/2023\/01\/unnamed.jpg\",\"articleSection\":[\"Condol\u00e9ances\"],\"inLanguage\":\"en-US\",\"potentialAction\":[{\"@type\":\"CommentAction\",\"name\":\"Comment\",\"target\":[\"https:\/\/new.samev-dz.com\/index.php\/2023\/01\/24\/disparition-de-notre-ami-et-confrere-alain-viard\/#respond\"]}]},{\"@type\":\"WebPage\",\"@id\":\"https:\/\/new.samev-dz.com\/index.php\/2023\/01\/24\/disparition-de-notre-ami-et-confrere-alain-viard\/\",\"url\":\"https:\/\/new.samev-dz.com\/index.php\/2023\/01\/24\/disparition-de-notre-ami-et-confrere-alain-viard\/\",\"name\":\"Disparition de notre ami et confr\u00e8re, Alain VIARD - Soci\u00e9t\u00e9 Alg\u00e9rienne de M\u00e9decine Vasculaire\",\"isPartOf\":{\"@id\":\"https:\/\/new.samev-dz.com\/#website\"},\"primaryImageOfPage\":{\"@id\":\"https:\/\/new.samev-dz.com\/index.php\/2023\/01\/24\/disparition-de-notre-ami-et-confrere-alain-viard\/#primaryimage\"},\"image\":{\"@id\":\"https:\/\/new.samev-dz.com\/index.php\/2023\/01\/24\/disparition-de-notre-ami-et-confrere-alain-viard\/#primaryimage\"},\"thumbnailUrl\":\"https:\/\/new.samev-dz.com\/wp-content\/uploads\/2023\/01\/unnamed.jpg\",\"datePublished\":\"2023-01-24T22:35:24+00:00\",\"author\":{\"@id\":\"https:\/\/new.samev-dz.com\/#\/schema\/person\/1c6e150355d343b767a83b8039cb9e08\"},\"breadcrumb\":{\"@id\":\"https:\/\/new.samev-dz.com\/index.php\/2023\/01\/24\/disparition-de-notre-ami-et-confrere-alain-viard\/#breadcrumb\"},\"inLanguage\":\"en-US\",\"potentialAction\":[{\"@type\":\"ReadAction\",\"target\":[\"https:\/\/new.samev-dz.com\/index.php\/2023\/01\/24\/disparition-de-notre-ami-et-confrere-alain-viard\/\"]}]},{\"@type\":\"ImageObject\",\"inLanguage\":\"en-US\",\"@id\":\"https:\/\/new.samev-dz.com\/index.php\/2023\/01\/24\/disparition-de-notre-ami-et-confrere-alain-viard\/#primaryimage\",\"url\":\"https:\/\/new.samev-dz.com\/wp-content\/uploads\/2023\/01\/unnamed.jpg\",\"contentUrl\":\"https:\/\/new.samev-dz.com\/wp-content\/uploads\/2023\/01\/unnamed.jpg\",\"width\":1200,\"height\":300},{\"@type\":\"BreadcrumbList\",\"@id\":\"https:\/\/new.samev-dz.com\/index.php\/2023\/01\/24\/disparition-de-notre-ami-et-confrere-alain-viard\/#breadcrumb\",\"itemListElement\":[{\"@type\":\"ListItem\",\"position\":1,\"name\":\"Home\",\"item\":\"https:\/\/new.samev-dz.com\/\"},{\"@type\":\"ListItem\",\"position\":2,\"name\":\"Disparition de notre ami et confr\u00e8re, Alain VIARD\"}]},{\"@type\":\"WebSite\",\"@id\":\"https:\/\/new.samev-dz.com\/#website\",\"url\":\"https:\/\/new.samev-dz.com\/\",\"name\":\"Soci\u00e9t\u00e9 Alg\u00e9rienne de M\u00e9decine Vasculaire\",\"description\":\"\",\"potentialAction\":[{\"@type\":\"SearchAction\",\"target\":{\"@type\":\"EntryPoint\",\"urlTemplate\":\"https:\/\/new.samev-dz.com\/?s={search_term_string}\"},\"query-input\":{\"@type\":\"PropertyValueSpecification\",\"valueRequired\":true,\"valueName\":\"search_term_string\"}}],\"inLanguage\":\"en-US\"},{\"@type\":\"Person\",\"@id\":\"https:\/\/new.samev-dz.com\/#\/schema\/person\/1c6e150355d343b767a83b8039cb9e08\",\"name\":\"admin\",\"image\":{\"@type\":\"ImageObject\",\"inLanguage\":\"en-US\",\"@id\":\"https:\/\/new.samev-dz.com\/#\/schema\/person\/image\/\",\"url\":\"https:\/\/secure.gravatar.com\/avatar\/f2ce4d1e60adf5be1dc4c9b8858bce667f1d36205c6f4186d9eeff289e316c1b?s=96&d=mm&r=g\",\"contentUrl\":\"https:\/\/secure.gravatar.com\/avatar\/f2ce4d1e60adf5be1dc4c9b8858bce667f1d36205c6f4186d9eeff289e316c1b?s=96&d=mm&r=g\",\"caption\":\"admin\"},\"sameAs\":[\"https:\/\/new.samev-dz.com\"],\"url\":\"https:\/\/new.samev-dz.com\/index.php\/author\/admin_bo5hvcjo\/\"}]}<\/script>\n<!-- \/ Yoast SEO plugin. -->","yoast_head_json":{"title":"Disparition de notre ami et confr\u00e8re, Alain VIARD - Soci\u00e9t\u00e9 Alg\u00e9rienne de M\u00e9decine Vasculaire","robots":{"index":"index","follow":"follow","max-snippet":"max-snippet:-1","max-image-preview":"max-image-preview:large","max-video-preview":"max-video-preview:-1"},"canonical":"https:\/\/new.samev-dz.com\/index.php\/2023\/01\/24\/disparition-de-notre-ami-et-confrere-alain-viard\/","og_locale":"en_US","og_type":"article","og_title":"Disparition de notre ami et confr\u00e8re, Alain VIARD - Soci\u00e9t\u00e9 Alg\u00e9rienne de M\u00e9decine Vasculaire","og_description":"Triste nouvelle Une belle personne a rejoint les \u00e9toiles ! [...]","og_url":"https:\/\/new.samev-dz.com\/index.php\/2023\/01\/24\/disparition-de-notre-ami-et-confrere-alain-viard\/","og_site_name":"Soci\u00e9t\u00e9 Alg\u00e9rienne de M\u00e9decine Vasculaire","article_published_time":"2023-01-24T22:35:24+00:00","og_image":[{"width":1200,"height":300,"url":"https:\/\/new.samev-dz.com\/wp-content\/uploads\/2023\/01\/unnamed.jpg","type":"image\/jpeg"}],"author":"admin","twitter_card":"summary_large_image","twitter_misc":{"Written by":"admin","Est. reading time":"1 minute"},"schema":{"@context":"https:\/\/schema.org","@graph":[{"@type":"Article","@id":"https:\/\/new.samev-dz.com\/index.php\/2023\/01\/24\/disparition-de-notre-ami-et-confrere-alain-viard\/#article","isPartOf":{"@id":"https:\/\/new.samev-dz.com\/index.php\/2023\/01\/24\/disparition-de-notre-ami-et-confrere-alain-viard\/"},"author":{"name":"admin","@id":"https:\/\/new.samev-dz.com\/#\/schema\/person\/1c6e150355d343b767a83b8039cb9e08"},"headline":"Disparition de notre ami et confr\u00e8re, Alain VIARD","datePublished":"2023-01-24T22:35:24+00:00","mainEntityOfPage":{"@id":"https:\/\/new.samev-dz.com\/index.php\/2023\/01\/24\/disparition-de-notre-ami-et-confrere-alain-viard\/"},"wordCount":209,"commentCount":0,"image":{"@id":"https:\/\/new.samev-dz.com\/index.php\/2023\/01\/24\/disparition-de-notre-ami-et-confrere-alain-viard\/#primaryimage"},"thumbnailUrl":"https:\/\/new.samev-dz.com\/wp-content\/uploads\/2023\/01\/unnamed.jpg","articleSection":["Condol\u00e9ances"],"inLanguage":"en-US","potentialAction":[{"@type":"CommentAction","name":"Comment","target":["https:\/\/new.samev-dz.com\/index.php\/2023\/01\/24\/disparition-de-notre-ami-et-confrere-alain-viard\/#respond"]}]},{"@type":"WebPage","@id":"https:\/\/new.samev-dz.com\/index.php\/2023\/01\/24\/disparition-de-notre-ami-et-confrere-alain-viard\/","url":"https:\/\/new.samev-dz.com\/index.php\/2023\/01\/24\/disparition-de-notre-ami-et-confrere-alain-viard\/","name":"Disparition de notre ami et confr\u00e8re, Alain VIARD - Soci\u00e9t\u00e9 Alg\u00e9rienne de M\u00e9decine Vasculaire","isPartOf":{"@id":"https:\/\/new.samev-dz.com\/#website"},"primaryImageOfPage":{"@id":"https:\/\/new.samev-dz.com\/index.php\/2023\/01\/24\/disparition-de-notre-ami-et-confrere-alain-viard\/#primaryimage"},"image":{"@id":"https:\/\/new.samev-dz.com\/index.php\/2023\/01\/24\/disparition-de-notre-ami-et-confrere-alain-viard\/#primaryimage"},"thumbnailUrl":"https:\/\/new.samev-dz.com\/wp-content\/uploads\/2023\/01\/unnamed.jpg","datePublished":"2023-01-24T22:35:24+00:00","author":{"@id":"https:\/\/new.samev-dz.com\/#\/schema\/person\/1c6e150355d343b767a83b8039cb9e08"},"breadcrumb":{"@id":"https:\/\/new.samev-dz.com\/index.php\/2023\/01\/24\/disparition-de-notre-ami-et-confrere-alain-viard\/#breadcrumb"},"inLanguage":"en-US","potentialAction":[{"@type":"ReadAction","target":["https:\/\/new.samev-dz.com\/index.php\/2023\/01\/24\/disparition-de-notre-ami-et-confrere-alain-viard\/"]}]},{"@type":"ImageObject","inLanguage":"en-US","@id":"https:\/\/new.samev-dz.com\/index.php\/2023\/01\/24\/disparition-de-notre-ami-et-confrere-alain-viard\/#primaryimage","url":"https:\/\/new.samev-dz.com\/wp-content\/uploads\/2023\/01\/unnamed.jpg","contentUrl":"https:\/\/new.samev-dz.com\/wp-content\/uploads\/2023\/01\/unnamed.jpg","width":1200,"height":300},{"@type":"BreadcrumbList","@id":"https:\/\/new.samev-dz.com\/index.php\/2023\/01\/24\/disparition-de-notre-ami-et-confrere-alain-viard\/#breadcrumb","itemListElement":[{"@type":"ListItem","position":1,"name":"Home","item":"https:\/\/new.samev-dz.com\/"},{"@type":"ListItem","position":2,"name":"Disparition de notre ami et confr\u00e8re, Alain VIARD"}]},{"@type":"WebSite","@id":"https:\/\/new.samev-dz.com\/#website","url":"https:\/\/new.samev-dz.com\/","name":"Soci\u00e9t\u00e9 Alg\u00e9rienne de M\u00e9decine Vasculaire","description":"","potentialAction":[{"@type":"SearchAction","target":{"@type":"EntryPoint","urlTemplate":"https:\/\/new.samev-dz.com\/?s={search_term_string}"},"query-input":{"@type":"PropertyValueSpecification","valueRequired":true,"valueName":"search_term_string"}}],"inLanguage":"en-US"},{"@type":"Person","@id":"https:\/\/new.samev-dz.com\/#\/schema\/person\/1c6e150355d343b767a83b8039cb9e08","name":"admin","image":{"@type":"ImageObject","inLanguage":"en-US","@id":"https:\/\/new.samev-dz.com\/#\/schema\/person\/image\/","url":"https:\/\/secure.gravatar.com\/avatar\/f2ce4d1e60adf5be1dc4c9b8858bce667f1d36205c6f4186d9eeff289e316c1b?s=96&d=mm&r=g","contentUrl":"https:\/\/secure.gravatar.com\/avatar\/f2ce4d1e60adf5be1dc4c9b8858bce667f1d36205c6f4186d9eeff289e316c1b?s=96&d=mm&r=g","caption":"admin"},"sameAs":["https:\/\/new.samev-dz.com"],"url":"https:\/\/new.samev-dz.com\/index.php\/author\/admin_bo5hvcjo\/"}]}},"_links":{"self":[{"href":"https:\/\/new.samev-dz.com\/index.php\/wp-json\/wp\/v2\/posts\/84","targetHints":{"allow":["GET"]}}],"collection":[{"href":"https:\/\/new.samev-dz.com\/index.php\/wp-json\/wp\/v2\/posts"}],"about":[{"href":"https:\/\/new.samev-dz.com\/index.php\/wp-json\/wp\/v2\/types\/post"}],"author":[{"embeddable":true,"href":"https:\/\/new.samev-dz.com\/index.php\/wp-json\/wp\/v2\/users\/1"}],"replies":[{"embeddable":true,"href":"https:\/\/new.samev-dz.com\/index.php\/wp-json\/wp\/v2\/comments?post=84"}],"version-history":[{"count":1,"href":"https:\/\/new.samev-dz.com\/index.php\/wp-json\/wp\/v2\/posts\/84\/revisions"}],"predecessor-version":[{"id":86,"href":"https:\/\/new.samev-dz.com\/index.php\/wp-json\/wp\/v2\/posts\/84\/revisions\/86"}],"wp:featuredmedia":[{"embeddable":true,"href":"https:\/\/new.samev-dz.com\/index.php\/wp-json\/wp\/v2\/media\/85"}],"wp:attachment":[{"href":"https:\/\/new.samev-dz.com\/index.php\/wp-json\/wp\/v2\/media?parent=84"}],"wp:term":[{"taxonomy":"category","embeddable":true,"href":"https:\/\/new.samev-dz.com\/index.php\/wp-json\/wp\/v2\/categories?post=84"},{"taxonomy":"post_tag","embeddable":true,"href":"https:\/\/new.samev-dz.com\/index.php\/wp-json\/wp\/v2\/tags?post=84"}],"curies":[{"name":"wp","href":"https:\/\/api.w.org\/{rel}","templated":true}]}}